{"id":1786,"date":"2026-04-28T21:56:04","date_gmt":"2026-04-28T21:56:04","guid":{"rendered":"https:\/\/valleeduthore-environnement.org\/?p=1786"},"modified":"2026-04-28T22:00:11","modified_gmt":"2026-04-28T22:00:11","slug":"142-associations-se-mobilisent-pour-faire-baisser-le-prix-de-lelectricite","status":"publish","type":"post","link":"https:\/\/valleeduthore-environnement.org\/?p=1786","title":{"rendered":"142 associations se mobilisent pour faire baisser le prix  de l\u2019\u00e9lectricit\u00e9"},"content":{"rendered":"<p>Le 12 mai \u00e0 18h, l\u2019\u00e9v\u00e9nement \u00ab\u00a0Cap \u00c9nergie !\u00a0\u00bb r\u00e9unira simultan\u00e9ment citoyens, \u00e9lus et acteurs \u00e9conomiques (agriculture, industrie, PME, artisans,..) dans une vingtaine de d\u00e9partements, en pr\u00e9sentiel et en distanciel, pour d\u00e9battre des solutions concr\u00e8tes permettant de faire baisser le prix de l\u2019\u00e9lectricit\u00e9.<br \/>\n\u00c0 l\u2019initiative de 142 associations repr\u00e9sentant 50 d\u00e9partements, cette mobilisation intervient dans le prolongement du recours gracieux d\u00e9pos\u00e9 contre la PPE3. Les signataires estiment que les orientations actuelles de cette programmation \u00e9nerg\u00e9tique pourraient entra\u00eener une hausse durable des co\u00fbts du syst\u00e8me \u00e9lectrique. Vall\u00e9e du Thor\u00e9 Environnement qui a rejoint le Cosert81 soutient cette initiative.<\/p>\n<p><a href=\"https:\/\/valleeduthore-environnement.org\/wp-content\/uploads\/2026\/04\/Communique-Reunion-publique-du-12-mai.pdf\" target=\"_blank\" rel=\"noopener\"><strong><span style=\"color: #3366ff;\">Lire le communiqu\u00e9<\/span><\/strong><\/a><\/p>\n","protected":false},"excerpt":{"rendered":"<p>Le 12 mai \u00e0 18h, l\u2019\u00e9v\u00e9nement \u00ab\u00a0Cap \u00c9nergie !\u00a0\u00bb r\u00e9unira simultan\u00e9ment citoyens, \u00e9lus et acteurs \u00e9conomiques (agriculture, industrie, PME, artisans,..) dans une vingtaine de d\u00e9partements, en pr\u00e9sentiel et en distanciel, pour d\u00e9battre des solutions concr\u00e8tes permettant de faire baisser le prix de l\u2019\u00e9lectricit\u00e9. \u00c0 l\u2019initiative de 142 associations repr\u00e9sentant 50 d\u00e9partements, cette mobilisation intervient dans &hellip; <\/p>\n<p><a class=\"more-link btn\" href=\"https:\/\/valleeduthore-environnement.org\/?p=1786\">Lire la suite<\/a><\/p>\n","protected":false},"author":3,"featured_media":0,"comment_status":"closed","ping_status":"closed","sticky":false,"template":"","format":"standard","meta":{"footnotes":""},"categories":[1],"tags":[],"class_list":["post-1786","post","type-post","status-publish","format-standard","hentry","category-actualites","item-wrap"],"_links":{"self":[{"href":"https:\/\/valleeduthore-environnement.org\/index.php?rest_route=\/wp\/v2\/posts\/1786","targetHints":{"allow":["GET"]}}],"collection":[{"href":"https:\/\/valleeduthore-environnement.org\/index.php?rest_route=\/wp\/v2\/posts"}],"about":[{"href":"https:\/\/valleeduthore-environnement.org\/index.php?rest_route=\/wp\/v2\/types\/post"}],"author":[{"embeddable":true,"href":"https:\/\/valleeduthore-environnement.org\/index.php?rest_route=\/wp\/v2\/users\/3"}],"replies":[{"embeddable":true,"href":"https:\/\/valleeduthore-environnement.org\/index.php?rest_route=%2Fwp%2Fv2%2Fcomments&post=1786"}],"version-history":[{"count":5,"href":"https:\/\/valleeduthore-environnement.org\/index.php?rest_route=\/wp\/v2\/posts\/1786\/revisions"}],"predecessor-version":[{"id":1792,"href":"https:\/\/valleeduthore-environnement.org\/index.php?rest_route=\/wp\/v2\/posts\/1786\/revisions\/1792"}],"wp:attachment":[{"href":"https:\/\/valleeduthore-environnement.org\/index.php?rest_route=%2Fwp%2Fv2%2Fmedia&parent=1786"}],"wp:term":[{"taxonomy":"category","embeddable":true,"href":"https:\/\/valleeduthore-environnement.org\/index.php?rest_route=%2Fwp%2Fv2%2Fcategories&post=1786"},{"taxonomy":"post_tag","embeddable":true,"href":"https:\/\/valleeduthore-environnement.org\/index.php?rest_route=%2Fwp%2Fv2%2Ftags&post=1786"}],"curies":[{"name":"wp","href":"https:\/\/api.w.org\/{rel}","templated":true}]}}