{"id":1754,"date":"2026-03-11T11:03:29","date_gmt":"2026-03-11T11:03:29","guid":{"rendered":"https:\/\/valleeduthore-environnement.org\/?p=1754"},"modified":"2026-03-11T11:06:28","modified_gmt":"2026-03-11T11:06:28","slug":"municipales-2026-communique-de-presse","status":"publish","type":"post","link":"https:\/\/valleeduthore-environnement.org\/?p=1754","title":{"rendered":"Municipales 2026 : Communiqu\u00e9 de presse"},"content":{"rendered":"<p class=\"western\" align=\"left\"><span style=\"color: #000000; font-family: 'Averia Libre'; font-size: 16px;\">Si nous n&rsquo;avons pas la m\u00eame d\u00e9finition que le maire sortant pour les mots \u00ab\u00a0environnement, d\u00e9veloppement ou qualit\u00e9 de vie\u00a0\u00bb, notre d\u00e9marche se veut r\u00e9solument constructive et responsable. Ainsi, nous nous tenons \u00e0 la disposition du candidat Olivier Fabre pour \u00e9changer sur nos accords et d\u00e9saccords et ce, chacun dans son r\u00f4le.<\/span><\/p>\n<p align=\"left\"><span style=\"font-family: 'Averia Libre'; font-size: 16px;\"><a href=\"https:\/\/valleeduthore-environnement.org\/wp-content\/uploads\/2026\/03\/communique-de-presse-VDTE-mars-2026.pdf\" target=\"_blank\" rel=\"noopener\"><strong><span style=\"color: #3366ff;\">Lire le communiqu\u00e9<\/span><\/strong><\/a><\/span><\/p>\n","protected":false},"excerpt":{"rendered":"<p>Si nous n&rsquo;avons pas la m\u00eame d\u00e9finition que le maire sortant pour les mots \u00ab\u00a0environnement, d\u00e9veloppement ou qualit\u00e9 de vie\u00a0\u00bb, notre d\u00e9marche se veut r\u00e9solument constructive et responsable. Ainsi, nous nous tenons \u00e0 la disposition du candidat Olivier Fabre pour \u00e9changer sur nos accords et d\u00e9saccords et ce, chacun dans son r\u00f4le. Lire le communiqu\u00e9<\/p>\n","protected":false},"author":3,"featured_media":0,"comment_status":"closed","ping_status":"closed","sticky":false,"template":"","format":"standard","meta":{"footnotes":""},"categories":[1],"tags":[],"class_list":["post-1754","post","type-post","status-publish","format-standard","hentry","category-actualites","item-wrap"],"_links":{"self":[{"href":"https:\/\/valleeduthore-environnement.org\/index.php?rest_route=\/wp\/v2\/posts\/1754","targetHints":{"allow":["GET"]}}],"collection":[{"href":"https:\/\/valleeduthore-environnement.org\/index.php?rest_route=\/wp\/v2\/posts"}],"about":[{"href":"https:\/\/valleeduthore-environnement.org\/index.php?rest_route=\/wp\/v2\/types\/post"}],"author":[{"embeddable":true,"href":"https:\/\/valleeduthore-environnement.org\/index.php?rest_route=\/wp\/v2\/users\/3"}],"replies":[{"embeddable":true,"href":"https:\/\/valleeduthore-environnement.org\/index.php?rest_route=%2Fwp%2Fv2%2Fcomments&post=1754"}],"version-history":[{"count":3,"href":"https:\/\/valleeduthore-environnement.org\/index.php?rest_route=\/wp\/v2\/posts\/1754\/revisions"}],"predecessor-version":[{"id":1758,"href":"https:\/\/valleeduthore-environnement.org\/index.php?rest_route=\/wp\/v2\/posts\/1754\/revisions\/1758"}],"wp:attachment":[{"href":"https:\/\/valleeduthore-environnement.org\/index.php?rest_route=%2Fwp%2Fv2%2Fmedia&parent=1754"}],"wp:term":[{"taxonomy":"category","embeddable":true,"href":"https:\/\/valleeduthore-environnement.org\/index.php?rest_route=%2Fwp%2Fv2%2Fcategories&post=1754"},{"taxonomy":"post_tag","embeddable":true,"href":"https:\/\/valleeduthore-environnement.org\/index.php?rest_route=%2Fwp%2Fv2%2Ftags&post=1754"}],"curies":[{"name":"wp","href":"https:\/\/api.w.org\/{rel}","templated":true}]}}